{"id":611,"date":"2022-05-24T12:25:57","date_gmt":"2022-05-24T18:25:57","guid":{"rendered":"https:\/\/moodle.radius.com.mx\/global\/?p=611"},"modified":"2022-05-24T12:26:10","modified_gmt":"2022-05-24T18:26:10","slug":"exigen-medicos-del-imss-apertura-de-plazas","status":"publish","type":"post","link":"https:\/\/moodle.radius.com.mx\/global\/2022\/05\/24\/exigen-medicos-del-imss-apertura-de-plazas\/","title":{"rendered":"Exigen m\u00e9dicos del IMSS apertura de plazas"},"content":{"rendered":"\n<p>M\u00e9dicos pertenecientes al Instituto Mexicano del Seguro Social (IMSS) exigen continuidad laboral al personal contratado durante la pandemia de Covid-19.<\/p>\n\n\n\n<p>El personal adscrito a las delegaciones 36, 37 y 38, adem\u00e1s solicitaron an\u00e1lisis de apertura de plazas faltantes en unidades m\u00e9dicas.<\/p>\n\n\n\n<p>As\u00ed mismo, exigieron esta ma\u00f1ana a las afueras de Palacio Nacional, trato digno al personal de salud.<\/p>\n\n\n\n<p>Con pancartas exigen ser atendidos por el gobierno Federal para atender y dar soluci\u00f3n a sus demandas.<\/p>\n","protected":false},"excerpt":{"rendered":"<p>M\u00e9dicos pertenecientes al Instituto Mexicano del Seguro Social (IMSS) exigen continuidad laboral al personal contratado durante la pandemia de Covid-19.<\/p>\n","protected":false},"author":3,"featured_media":0,"comment_status":"closed","ping_status":"open","sticky":false,"template":"","format":"standard","meta":{"inline_featured_image":false,"footnotes":""},"categories":[7],"tags":[],"class_list":["post-611","post","type-post","status-publish","format-standard","hentry","category-gobierno"],"yoast_head":"<!-- This site is optimized with the Yoast SEO plugin v18.6 - https:\/\/yoast.com\/wordpress\/plugins\/seo\/ -->\n<title>Exigen m\u00e9dicos del IMSS apertura de plazas - Global Business Group<\/title>\n<meta name=\"robots\" content=\"noindex, follow, max-snippet:-1, max-image-preview:large, max-video-preview:-1\" \/>\n<meta property=\"og:locale\" content=\"es_MX\" \/>\n<meta property=\"og:type\" content=\"article\" \/>\n<meta property=\"og:title\" content=\"Exigen m\u00e9dicos del IMSS apertura de plazas - Global Business Group\" \/>\n<meta property=\"og:description\" content=\"M\u00e9dicos pertenecientes al Instituto Mexicano del Seguro Social (IMSS) exigen continuidad laboral al personal contratado durante la pandemia de Covid-19.\" \/>\n<meta property=\"og:url\" content=\"https:\/\/moodle.radius.com.mx\/global\/2022\/05\/24\/exigen-medicos-del-imss-apertura-de-plazas\/\" \/>\n<meta property=\"og:site_name\" content=\"Global Business Group\" \/>\n<meta property=\"article:published_time\" content=\"2022-05-24T18:25:57+00:00\" \/>\n<meta property=\"article:modified_time\" content=\"2022-05-24T18:26:10+00:00\" \/>\n<meta name=\"twitter:card\" content=\"summary_large_image\" \/>\n<meta name=\"twitter:label1\" content=\"Escrito por\" \/>\n\t<meta name=\"twitter:data1\" content=\"Diana S\u00e1nchez\" \/>\n\t<meta name=\"twitter:label2\" content=\"Tiempo de lectura\" \/>\n\t<meta name=\"twitter:data2\" content=\"1 minuto\" \/>\n<script type=\"application\/ld+json\" class=\"yoast-schema-graph\">{\"@context\":\"https:\/\/schema.org\",\"@graph\":[{\"@type\":\"WebSite\",\"@id\":\"https:\/\/moodle.radius.com.mx\/global\/#website\",\"url\":\"https:\/\/moodle.radius.com.mx\/global\/\",\"name\":\"Global Business Group\",\"description\":\"Empresa l\u00edder en la distribuci\u00f3n de medicamentos y material de curaci\u00f3n a nivel nacional.\",\"potentialAction\":[{\"@type\":\"SearchAction\",\"target\":{\"@type\":\"EntryPoint\",\"urlTemplate\":\"https:\/\/moodle.radius.com.mx\/global\/?s={search_term_string}\"},\"query-input\":\"required name=search_term_string\"}],\"inLanguage\":\"es\"},{\"@type\":\"WebPage\",\"@id\":\"https:\/\/moodle.radius.com.mx\/global\/2022\/05\/24\/exigen-medicos-del-imss-apertura-de-plazas\/#webpage\",\"url\":\"https:\/\/moodle.radius.com.mx\/global\/2022\/05\/24\/exigen-medicos-del-imss-apertura-de-plazas\/\",\"name\":\"Exigen m\u00e9dicos del IMSS apertura de plazas - Global Business Group\",\"isPartOf\":{\"@id\":\"https:\/\/moodle.radius.com.mx\/global\/#website\"},\"datePublished\":\"2022-05-24T18:25:57+00:00\",\"dateModified\":\"2022-05-24T18:26:10+00:00\",\"author\":{\"@id\":\"https:\/\/moodle.radius.com.mx\/global\/#\/schema\/person\/e9f91fbac06ce6315732813908e7ebd9\"},\"breadcrumb\":{\"@id\":\"https:\/\/moodle.radius.com.mx\/global\/2022\/05\/24\/exigen-medicos-del-imss-apertura-de-plazas\/#breadcrumb\"},\"inLanguage\":\"es\",\"potentialAction\":[{\"@type\":\"ReadAction\",\"target\":[\"https:\/\/moodle.radius.com.mx\/global\/2022\/05\/24\/exigen-medicos-del-imss-apertura-de-plazas\/\"]}]},{\"@type\":\"BreadcrumbList\",\"@id\":\"https:\/\/moodle.radius.com.mx\/global\/2022\/05\/24\/exigen-medicos-del-imss-apertura-de-plazas\/#breadcrumb\",\"itemListElement\":[{\"@type\":\"ListItem\",\"position\":1,\"name\":\"Exigen m\u00e9dicos del IMSS apertura de plazas\"}]},{\"@type\":\"Person\",\"@id\":\"https:\/\/moodle.radius.com.mx\/global\/#\/schema\/person\/e9f91fbac06ce6315732813908e7ebd9\",\"name\":\"Diana S\u00e1nchez\",\"url\":\"https:\/\/moodle.radius.com.mx\/global\/author\/dianasr\/\"}]}<\/script>\n<!-- \/ Yoast SEO plugin. -->","yoast_head_json":{"title":"Exigen m\u00e9dicos del IMSS apertura de plazas - Global Business Group","robots":{"index":"noindex","follow":"follow","max-snippet":"max-snippet:-1","max-image-preview":"max-image-preview:large","max-video-preview":"max-video-preview:-1"},"og_locale":"es_MX","og_type":"article","og_title":"Exigen m\u00e9dicos del IMSS apertura de plazas - Global Business Group","og_description":"M\u00e9dicos pertenecientes al Instituto Mexicano del Seguro Social (IMSS) exigen continuidad laboral al personal contratado durante la pandemia de Covid-19.","og_url":"https:\/\/moodle.radius.com.mx\/global\/2022\/05\/24\/exigen-medicos-del-imss-apertura-de-plazas\/","og_site_name":"Global Business Group","article_published_time":"2022-05-24T18:25:57+00:00","article_modified_time":"2022-05-24T18:26:10+00:00","twitter_card":"summary_large_image","twitter_misc":{"Escrito por":"Diana S\u00e1nchez","Tiempo de lectura":"1 minuto"},"schema":{"@context":"https:\/\/schema.org","@graph":[{"@type":"WebSite","@id":"https:\/\/moodle.radius.com.mx\/global\/#website","url":"https:\/\/moodle.radius.com.mx\/global\/","name":"Global Business Group","description":"Empresa l\u00edder en la distribuci\u00f3n de medicamentos y material de curaci\u00f3n a nivel nacional.","potentialAction":[{"@type":"SearchAction","target":{"@type":"EntryPoint","urlTemplate":"https:\/\/moodle.radius.com.mx\/global\/?s={search_term_string}"},"query-input":"required name=search_term_string"}],"inLanguage":"es"},{"@type":"WebPage","@id":"https:\/\/moodle.radius.com.mx\/global\/2022\/05\/24\/exigen-medicos-del-imss-apertura-de-plazas\/#webpage","url":"https:\/\/moodle.radius.com.mx\/global\/2022\/05\/24\/exigen-medicos-del-imss-apertura-de-plazas\/","name":"Exigen m\u00e9dicos del IMSS apertura de plazas - Global Business Group","isPartOf":{"@id":"https:\/\/moodle.radius.com.mx\/global\/#website"},"datePublished":"2022-05-24T18:25:57+00:00","dateModified":"2022-05-24T18:26:10+00:00","author":{"@id":"https:\/\/moodle.radius.com.mx\/global\/#\/schema\/person\/e9f91fbac06ce6315732813908e7ebd9"},"breadcrumb":{"@id":"https:\/\/moodle.radius.com.mx\/global\/2022\/05\/24\/exigen-medicos-del-imss-apertura-de-plazas\/#breadcrumb"},"inLanguage":"es","potentialAction":[{"@type":"ReadAction","target":["https:\/\/moodle.radius.com.mx\/global\/2022\/05\/24\/exigen-medicos-del-imss-apertura-de-plazas\/"]}]},{"@type":"BreadcrumbList","@id":"https:\/\/moodle.radius.com.mx\/global\/2022\/05\/24\/exigen-medicos-del-imss-apertura-de-plazas\/#breadcrumb","itemListElement":[{"@type":"ListItem","position":1,"name":"Exigen m\u00e9dicos del IMSS apertura de plazas"}]},{"@type":"Person","@id":"https:\/\/moodle.radius.com.mx\/global\/#\/schema\/person\/e9f91fbac06ce6315732813908e7ebd9","name":"Diana S\u00e1nchez","url":"https:\/\/moodle.radius.com.mx\/global\/author\/dianasr\/"}]}},"_links":{"self":[{"href":"https:\/\/moodle.radius.com.mx\/global\/wp-json\/wp\/v2\/posts\/611","targetHints":{"allow":["GET"]}}],"collection":[{"href":"https:\/\/moodle.radius.com.mx\/global\/wp-json\/wp\/v2\/posts"}],"about":[{"href":"https:\/\/moodle.radius.com.mx\/global\/wp-json\/wp\/v2\/types\/post"}],"author":[{"embeddable":true,"href":"https:\/\/moodle.radius.com.mx\/global\/wp-json\/wp\/v2\/users\/3"}],"replies":[{"embeddable":true,"href":"https:\/\/moodle.radius.com.mx\/global\/wp-json\/wp\/v2\/comments?post=611"}],"version-history":[{"count":1,"href":"https:\/\/moodle.radius.com.mx\/global\/wp-json\/wp\/v2\/posts\/611\/revisions"}],"predecessor-version":[{"id":612,"href":"https:\/\/moodle.radius.com.mx\/global\/wp-json\/wp\/v2\/posts\/611\/revisions\/612"}],"wp:attachment":[{"href":"https:\/\/moodle.radius.com.mx\/global\/wp-json\/wp\/v2\/media?parent=611"}],"wp:term":[{"taxonomy":"category","embeddable":true,"href":"https:\/\/moodle.radius.com.mx\/global\/wp-json\/wp\/v2\/categories?post=611"},{"taxonomy":"post_tag","embeddable":true,"href":"https:\/\/moodle.radius.com.mx\/global\/wp-json\/wp\/v2\/tags?post=611"}],"curies":[{"name":"wp","href":"https:\/\/api.w.org\/{rel}","templated":true}]}}