{"id":568,"date":"2022-05-10T10:55:05","date_gmt":"2022-05-10T16:55:05","guid":{"rendered":"https:\/\/gbgintegral.com.mx\/?p=568"},"modified":"2022-05-11T10:57:25","modified_gmt":"2022-05-11T16:57:25","slug":"biontech-triplico-las-ventas-de-vacunas-contra-covid-19-en-el-primer-trimestre","status":"publish","type":"post","link":"https:\/\/moodle.radius.com.mx\/global\/2022\/05\/10\/biontech-triplico-las-ventas-de-vacunas-contra-covid-19-en-el-primer-trimestre\/","title":{"rendered":"BioNTech triplic\u00f3 las ventas de vacunas contra Covid-19 en el primer trimestre"},"content":{"rendered":"\n<p>BioNTech declar\u00f3 que las ventas y las utilidades del primer trimestre m\u00e1s que se triplicaron gracias a la demanda de la vacuna contra Covid-19 que desarrolla junto a Pfizer, pero la empresa alemana reafirm\u00f3 su previsi\u00f3n de un descenso de las ventas de vacunas en el conjunto del a\u00f1o.<\/p>\n\n\n\n<p>Los ingresos del primer trimestre se triplicaron con respecto a hace un a\u00f1o, alcanzando los 6,370 millones de euros (unos 6,730 millones de d\u00f3lares), al igual que las ganancias netas del trimestre, que ascendieron a 3,700 millones de euros, seg\u00fan inform\u00f3 en un comunicado el lunes.<\/p>\n\n\n\n<p>&#8220;Como resultado de un mayor volumen de pedidos colocados inicialmente a finales de 2021 tras la entonces emergente variante \u00f3micron (del coronavirus), comenzamos el a\u00f1o 2022 con fuertes ingresos y beneficios, lo que nos deja bien posicionados para lograr los objetivos financieros de 2022&#8221;, dijo el director financiero de la empresa, Jens Holstein.<\/p>\n\n\n\n<p>BioNTech reiter\u00f3 su previsi\u00f3n de ingresos por vacunas para 2022 de entre 13,000 y 17,000 millones de euros, por debajo de los 19,000 millones del a\u00f1o pasado, lo que implica un descenso durante el resto del a\u00f1o.<\/p>\n\n\n\n<p>BioNTech bas\u00f3 sus previsiones \u00fanicamente en los pedidos concretos en 2022, que se mantuvieron sin cambios en unos 2,400 millones de dosis respecto a la estimaci\u00f3n de marzo.<\/p>\n\n\n\n<p>La semana pasada, su socio Pfizer tambi\u00e9n tuvo en cuenta la actual cartera de pedidos para su previsi\u00f3n de ventas de vacunas Covid-19 en 2022, que asciende a 32,000 millones de d\u00f3lares, frente a los 36,800 millones del a\u00f1o pasado.<\/p>\n\n\n\n<p>Su rival Moderna fue m\u00e1s optimista la semana pasada, al pronosticar mayores ventas de vacunas para la segunda mitad del a\u00f1o que en la primera, ya que espera una demanda de vacunas de refuerzo en el oto\u00f1o boreal.<\/p>\n\n\n\n<p>La demanda de las vacunas Covid-19 ha disminuido en Norteam\u00e9rica y Europa, ya que la mayor\u00eda de los que est\u00e1n dispuestos a vacunarse ya han recibido las tres dosis y s\u00f3lo se recomiendan m\u00e1s inyecciones para un peque\u00f1o grupo de personas mayores m\u00e1s vulnerables.<\/p>\n\n\n\n<p>Los nuevos pedidos ser\u00e1n impulsados por los pa\u00edses de ingresos bajos y medios y la perspectiva a\u00fan incierta de una vacuna adaptada a \u00f3micron para una campa\u00f1a de refuerzo antes del invierno del hemisferio norte.<\/p>\n\n\n\n<p>China no ha aprobado la vacuna de BioNTech, a pesar de un acuerdo de colaboraci\u00f3n con Shanghai Fosun Pharmaceutical e incluso mientras las autoridades luchan contra los peores brotes de Covid-19 en el pa\u00eds desde que comenz\u00f3 la epidemia.<\/p>\n\n\n\n<p>BioNTech a\u00f1adi\u00f3 este lunes que espera tener datos de ensayos sobre sus esfuerzos para desarrollar una vacuna adaptada para \u00f3micron en las pr\u00f3ximas semanas.<\/p>\n\n\n\n<p>El organismo regulador de medicamentos de la Uni\u00f3n Europea dijo la semana pasada que esperaba autorizar las vacunas adaptadas para septiembre, y los ensayos deber\u00edan aportar m\u00e1s claridad en los pr\u00f3ximos dos meses.<\/p>\n\n\n\n<p>Los desarrolladores de vacunas est\u00e1n investigando las ventajas relativas de las vacunas que se dirigen a una sola variante por inyecci\u00f3n frente a las que se dirigen a dos.<\/p>\n","protected":false},"excerpt":{"rendered":"<p>BioNTech declar\u00f3 que las ventas y las utilidades del primer trimestre m\u00e1s que se triplicaron gracias a la demanda de la vacuna contra Covid-19&#8230;<\/p>\n","protected":false},"author":1,"featured_media":0,"comment_status":"closed","ping_status":"open","sticky":false,"template":"","format":"standard","meta":{"inline_featured_image":false,"footnotes":""},"categories":[15],"tags":[],"class_list":["post-568","post","type-post","status-publish","format-standard","hentry","category-empresas"],"yoast_head":"<!-- This site is optimized with the Yoast SEO plugin v18.6 - https:\/\/yoast.com\/wordpress\/plugins\/seo\/ -->\n<title>BioNTech triplic\u00f3 las ventas de vacunas contra Covid-19 en el primer trimestre - Global Business Group<\/title>\n<meta name=\"robots\" content=\"noindex, follow, max-snippet:-1, max-image-preview:large, max-video-preview:-1\" \/>\n<meta property=\"og:locale\" content=\"es_MX\" \/>\n<meta property=\"og:type\" content=\"article\" \/>\n<meta property=\"og:title\" content=\"BioNTech triplic\u00f3 las ventas de vacunas contra Covid-19 en el primer trimestre - Global Business Group\" \/>\n<meta property=\"og:description\" content=\"BioNTech declar\u00f3 que las ventas y las utilidades del primer trimestre m\u00e1s que se triplicaron gracias a la demanda de la vacuna contra Covid-19...\" \/>\n<meta property=\"og:url\" content=\"https:\/\/gbgintegral.com.mx\/2022\/05\/10\/biontech-triplico-las-ventas-de-vacunas-contra-covid-19-en-el-primer-trimestre\/\" \/>\n<meta property=\"og:site_name\" content=\"Global Business Group\" \/>\n<meta property=\"article:published_time\" content=\"2022-05-10T16:55:05+00:00\" \/>\n<meta property=\"article:modified_time\" content=\"2022-05-11T16:57:25+00:00\" \/>\n<meta name=\"twitter:card\" content=\"summary_large_image\" \/>\n<meta name=\"twitter:label1\" content=\"Escrito por\" \/>\n\t<meta name=\"twitter:data1\" content=\"admin\" \/>\n\t<meta name=\"twitter:label2\" content=\"Tiempo de lectura\" \/>\n\t<meta name=\"twitter:data2\" content=\"3 minutos\" \/>\n<script type=\"application\/ld+json\" class=\"yoast-schema-graph\">{\"@context\":\"https:\/\/schema.org\",\"@graph\":[{\"@type\":\"WebSite\",\"@id\":\"https:\/\/moodle.radius.com.mx\/global\/#website\",\"url\":\"https:\/\/moodle.radius.com.mx\/global\/\",\"name\":\"Global Business Group\",\"description\":\"Empresa l\u00edder en la distribuci\u00f3n de medicamentos y material de curaci\u00f3n a nivel nacional.\",\"potentialAction\":[{\"@type\":\"SearchAction\",\"target\":{\"@type\":\"EntryPoint\",\"urlTemplate\":\"https:\/\/moodle.radius.com.mx\/global\/?s={search_term_string}\"},\"query-input\":\"required name=search_term_string\"}],\"inLanguage\":\"es\"},{\"@type\":\"WebPage\",\"@id\":\"https:\/\/gbgintegral.com.mx\/2022\/05\/10\/biontech-triplico-las-ventas-de-vacunas-contra-covid-19-en-el-primer-trimestre\/#webpage\",\"url\":\"https:\/\/gbgintegral.com.mx\/2022\/05\/10\/biontech-triplico-las-ventas-de-vacunas-contra-covid-19-en-el-primer-trimestre\/\",\"name\":\"BioNTech triplic\u00f3 las ventas de vacunas contra Covid-19 en el primer trimestre - Global Business Group\",\"isPartOf\":{\"@id\":\"https:\/\/moodle.radius.com.mx\/global\/#website\"},\"datePublished\":\"2022-05-10T16:55:05+00:00\",\"dateModified\":\"2022-05-11T16:57:25+00:00\",\"author\":{\"@id\":\"https:\/\/moodle.radius.com.mx\/global\/#\/schema\/person\/579b0e6bbef96b02f4e97dbb98c912a2\"},\"breadcrumb\":{\"@id\":\"https:\/\/gbgintegral.com.mx\/2022\/05\/10\/biontech-triplico-las-ventas-de-vacunas-contra-covid-19-en-el-primer-trimestre\/#breadcrumb\"},\"inLanguage\":\"es\",\"potentialAction\":[{\"@type\":\"ReadAction\",\"target\":[\"https:\/\/gbgintegral.com.mx\/2022\/05\/10\/biontech-triplico-las-ventas-de-vacunas-contra-covid-19-en-el-primer-trimestre\/\"]}]},{\"@type\":\"BreadcrumbList\",\"@id\":\"https:\/\/gbgintegral.com.mx\/2022\/05\/10\/biontech-triplico-las-ventas-de-vacunas-contra-covid-19-en-el-primer-trimestre\/#breadcrumb\",\"itemListElement\":[{\"@type\":\"ListItem\",\"position\":1,\"name\":\"BioNTech triplic\u00f3 las ventas de vacunas contra Covid-19 en el primer trimestre\"}]},{\"@type\":\"Person\",\"@id\":\"https:\/\/moodle.radius.com.mx\/global\/#\/schema\/person\/579b0e6bbef96b02f4e97dbb98c912a2\",\"name\":\"admin\",\"sameAs\":[\"https:\/\/gbgintegral.com.mx\"],\"url\":\"https:\/\/moodle.radius.com.mx\/global\/author\/admin\/\"}]}<\/script>\n<!-- \/ Yoast SEO plugin. -->","yoast_head_json":{"title":"BioNTech triplic\u00f3 las ventas de vacunas contra Covid-19 en el primer trimestre - Global Business Group","robots":{"index":"noindex","follow":"follow","max-snippet":"max-snippet:-1","max-image-preview":"max-image-preview:large","max-video-preview":"max-video-preview:-1"},"og_locale":"es_MX","og_type":"article","og_title":"BioNTech triplic\u00f3 las ventas de vacunas contra Covid-19 en el primer trimestre - Global Business Group","og_description":"BioNTech declar\u00f3 que las ventas y las utilidades del primer trimestre m\u00e1s que se triplicaron gracias a la demanda de la vacuna contra Covid-19...","og_url":"https:\/\/gbgintegral.com.mx\/2022\/05\/10\/biontech-triplico-las-ventas-de-vacunas-contra-covid-19-en-el-primer-trimestre\/","og_site_name":"Global Business Group","article_published_time":"2022-05-10T16:55:05+00:00","article_modified_time":"2022-05-11T16:57:25+00:00","twitter_card":"summary_large_image","twitter_misc":{"Escrito por":"admin","Tiempo de lectura":"3 minutos"},"schema":{"@context":"https:\/\/schema.org","@graph":[{"@type":"WebSite","@id":"https:\/\/moodle.radius.com.mx\/global\/#website","url":"https:\/\/moodle.radius.com.mx\/global\/","name":"Global Business Group","description":"Empresa l\u00edder en la distribuci\u00f3n de medicamentos y material de curaci\u00f3n a nivel nacional.","potentialAction":[{"@type":"SearchAction","target":{"@type":"EntryPoint","urlTemplate":"https:\/\/moodle.radius.com.mx\/global\/?s={search_term_string}"},"query-input":"required name=search_term_string"}],"inLanguage":"es"},{"@type":"WebPage","@id":"https:\/\/gbgintegral.com.mx\/2022\/05\/10\/biontech-triplico-las-ventas-de-vacunas-contra-covid-19-en-el-primer-trimestre\/#webpage","url":"https:\/\/gbgintegral.com.mx\/2022\/05\/10\/biontech-triplico-las-ventas-de-vacunas-contra-covid-19-en-el-primer-trimestre\/","name":"BioNTech triplic\u00f3 las ventas de vacunas contra Covid-19 en el primer trimestre - Global Business Group","isPartOf":{"@id":"https:\/\/moodle.radius.com.mx\/global\/#website"},"datePublished":"2022-05-10T16:55:05+00:00","dateModified":"2022-05-11T16:57:25+00:00","author":{"@id":"https:\/\/moodle.radius.com.mx\/global\/#\/schema\/person\/579b0e6bbef96b02f4e97dbb98c912a2"},"breadcrumb":{"@id":"https:\/\/gbgintegral.com.mx\/2022\/05\/10\/biontech-triplico-las-ventas-de-vacunas-contra-covid-19-en-el-primer-trimestre\/#breadcrumb"},"inLanguage":"es","potentialAction":[{"@type":"ReadAction","target":["https:\/\/gbgintegral.com.mx\/2022\/05\/10\/biontech-triplico-las-ventas-de-vacunas-contra-covid-19-en-el-primer-trimestre\/"]}]},{"@type":"BreadcrumbList","@id":"https:\/\/gbgintegral.com.mx\/2022\/05\/10\/biontech-triplico-las-ventas-de-vacunas-contra-covid-19-en-el-primer-trimestre\/#breadcrumb","itemListElement":[{"@type":"ListItem","position":1,"name":"BioNTech triplic\u00f3 las ventas de vacunas contra Covid-19 en el primer trimestre"}]},{"@type":"Person","@id":"https:\/\/moodle.radius.com.mx\/global\/#\/schema\/person\/579b0e6bbef96b02f4e97dbb98c912a2","name":"admin","sameAs":["https:\/\/gbgintegral.com.mx"],"url":"https:\/\/moodle.radius.com.mx\/global\/author\/admin\/"}]}},"_links":{"self":[{"href":"https:\/\/moodle.radius.com.mx\/global\/wp-json\/wp\/v2\/posts\/568","targetHints":{"allow":["GET"]}}],"collection":[{"href":"https:\/\/moodle.radius.com.mx\/global\/wp-json\/wp\/v2\/posts"}],"about":[{"href":"https:\/\/moodle.radius.com.mx\/global\/wp-json\/wp\/v2\/types\/post"}],"author":[{"embeddable":true,"href":"https:\/\/moodle.radius.com.mx\/global\/wp-json\/wp\/v2\/users\/1"}],"replies":[{"embeddable":true,"href":"https:\/\/moodle.radius.com.mx\/global\/wp-json\/wp\/v2\/comments?post=568"}],"version-history":[{"count":1,"href":"https:\/\/moodle.radius.com.mx\/global\/wp-json\/wp\/v2\/posts\/568\/revisions"}],"predecessor-version":[{"id":569,"href":"https:\/\/moodle.radius.com.mx\/global\/wp-json\/wp\/v2\/posts\/568\/revisions\/569"}],"wp:attachment":[{"href":"https:\/\/moodle.radius.com.mx\/global\/wp-json\/wp\/v2\/media?parent=568"}],"wp:term":[{"taxonomy":"category","embeddable":true,"href":"https:\/\/moodle.radius.com.mx\/global\/wp-json\/wp\/v2\/categories?post=568"},{"taxonomy":"post_tag","embeddable":true,"href":"https:\/\/moodle.radius.com.mx\/global\/wp-json\/wp\/v2\/tags?post=568"}],"curies":[{"name":"wp","href":"https:\/\/api.w.org\/{rel}","templated":true}]}}