{"id":473,"date":"2022-01-17T16:16:18","date_gmt":"2022-01-17T22:16:18","guid":{"rendered":"https:\/\/gbgintegral.com.mx\/?p=473"},"modified":"2022-01-17T16:30:40","modified_gmt":"2022-01-17T22:30:40","slug":"la-cofepris-autoriza-la-pildora-de-pfizer-contra-covid-19-para-su-uso-de-emergencia-en-mexico","status":"publish","type":"post","link":"https:\/\/moodle.radius.com.mx\/global\/2022\/01\/17\/la-cofepris-autoriza-la-pildora-de-pfizer-contra-covid-19-para-su-uso-de-emergencia-en-mexico\/","title":{"rendered":"La Cofepris autoriza la p\u00edldora de Pfizer contra Covid-19 para su uso de emergencia en M\u00e9xico"},"content":{"rendered":"\n<p>La Comisi\u00f3n Federal para la Protecci\u00f3n contra Riesgos Sanitarios (Cofepris), autoriz\u00f3 este viernes el tratamiento paxlovid de la farmac\u00e9utica estadounidense Pfizer para su uso de emergencia en el pa\u00eds.<\/p>\n\n\n\n<p>El medicamento que combina nirmatrelvir y ritonavir en presentaci\u00f3n de tabletas, ser\u00e1 destinado para atender pacientes adultos con Covid-19 leve o moderado y con riesgo de complicaciones, precis\u00f3 la dependencia en un comunicado.<\/p>\n\n\n\n<p>La Cofepris detall\u00f3 que la autorizaci\u00f3n para su uso de emergencia debe ser emitida de manera controlada y requiere prescripci\u00f3n m\u00e9dica, considerando los factores de uso y riesgo detallados en el oficio de autorizaci\u00f3n para evitar mal uso de este medicamento, automedicaci\u00f3n y su venta irregular.<\/p>\n\n\n\n<p>El regulador sanitario mexicano hizo un llamado para en caso de identificar su libre venta al p\u00fablico, realizar una denuncia sanitaria a trav\u00e9s de la p\u00e1gina gob.mx\/cofepris, ya que su consumo irregular constituye un riesgo a la salud por ser de dudosa procedencia.<\/p>\n\n\n\n<p>Los dos componentes de paxlovid trabajan en conjunto para reducir hasta 88% la tasa de hospitalizaci\u00f3n y mortalidad a causa de Covid-19.<\/p>\n\n\n\n<p>El nirmatrelvir, inhibe una prote\u00edna del SARS-CoV-2, impidiendo que el virus se replique; mientras que el ritonavir, desacelera la descomposici\u00f3n del medicamento para ayudar a que este permanezca en el organismo m\u00e1s tiempo.<\/p>\n\n\n\n<p>El titular de Cofepris, Alejandro Svarch P\u00e9rez, explic\u00f3 que esta segunda aprobaci\u00f3n de un medicamento oral en el pa\u00eds representa una nueva herramienta en la estrategia de combate contra la Covid-19, que, junto con la vacunaci\u00f3n y las medidas de protecci\u00f3n, crean un tri\u00e1ngulo para cerrar el paso a la pandemia.<\/p>\n\n\n\n<p>\u201cEstos tratamientos ser\u00e1n clave para reducir las hospitalizaciones en M\u00e9xico, por lo que celebramos ser el primer pa\u00eds de Am\u00e9rica Latina en autorizar su uso de emergencia\u201d, dijo Svarch P\u00e9rez.<\/p>\n\n\n\n<p>Paxlovid ya ha sido autorizado por agencias regulatorias de Estados Unidos, Reino Unido, Espa\u00f1a y Corea del Sur, entre otros; mientras que en pa\u00edses como Jap\u00f3n y Canad\u00e1 se encuentra en proceso de an\u00e1lisis.<\/p>\n","protected":false},"excerpt":{"rendered":"<p>La Cofepris, autoriz\u00f3 este viernes el tratamiento paxlovid de la farmac\u00e9utica estadounidense Pfizer para su uso de emergencia en el pa\u00eds.<\/p>\n","protected":false},"author":1,"featured_media":474,"comment_status":"closed","ping_status":"open","sticky":false,"template":"","format":"standard","meta":{"inline_featured_image":false,"footnotes":""},"categories":[7],"tags":[],"class_list":["post-473","post","type-post","status-publish","format-standard","has-post-thumbnail","hentry","category-gobierno"],"yoast_head":"<!-- This site is optimized with the Yoast SEO plugin v18.6 - https:\/\/yoast.com\/wordpress\/plugins\/seo\/ -->\n<title>La Cofepris autoriza la p\u00edldora de Pfizer contra Covid-19 para su uso de emergencia en M\u00e9xico - Global Business Group<\/title>\n<meta name=\"robots\" content=\"noindex, follow, max-snippet:-1, max-image-preview:large, max-video-preview:-1\" \/>\n<meta property=\"og:locale\" content=\"es_MX\" \/>\n<meta property=\"og:type\" content=\"article\" \/>\n<meta property=\"og:title\" content=\"La Cofepris autoriza la p\u00edldora de Pfizer contra Covid-19 para su uso de emergencia en M\u00e9xico - Global Business Group\" \/>\n<meta property=\"og:description\" content=\"La Cofepris, autoriz\u00f3 este viernes el tratamiento paxlovid de la farmac\u00e9utica estadounidense Pfizer para su uso de emergencia en el pa\u00eds.\" \/>\n<meta property=\"og:url\" content=\"https:\/\/gbgintegral.com.mx\/2022\/01\/17\/la-cofepris-autoriza-la-pildora-de-pfizer-contra-covid-19-para-su-uso-de-emergencia-en-mexico\/\" \/>\n<meta property=\"og:site_name\" content=\"Global Business Group\" \/>\n<meta property=\"article:published_time\" content=\"2022-01-17T22:16:18+00:00\" \/>\n<meta property=\"article:modified_time\" content=\"2022-01-17T22:30:40+00:00\" \/>\n<meta name=\"twitter:card\" content=\"summary_large_image\" \/>\n<meta name=\"twitter:image\" content=\"https:\/\/moodle.radius.com.mx\/global\/wp-content\/uploads\/2022\/01\/pfizer_pildora_contra_covid-19.jpg_1165350203.webp\" \/>\n<meta name=\"twitter:label1\" content=\"Escrito por\" \/>\n\t<meta name=\"twitter:data1\" content=\"admin\" \/>\n\t<meta name=\"twitter:label2\" content=\"Tiempo de lectura\" \/>\n\t<meta name=\"twitter:data2\" content=\"2 minutos\" \/>\n<script type=\"application\/ld+json\" class=\"yoast-schema-graph\">{\"@context\":\"https:\/\/schema.org\",\"@graph\":[{\"@type\":\"WebSite\",\"@id\":\"https:\/\/moodle.radius.com.mx\/global\/#website\",\"url\":\"https:\/\/moodle.radius.com.mx\/global\/\",\"name\":\"Global Business Group\",\"description\":\"Empresa l\u00edder en la distribuci\u00f3n de medicamentos y material de curaci\u00f3n a nivel nacional.\",\"potentialAction\":[{\"@type\":\"SearchAction\",\"target\":{\"@type\":\"EntryPoint\",\"urlTemplate\":\"https:\/\/moodle.radius.com.mx\/global\/?s={search_term_string}\"},\"query-input\":\"required name=search_term_string\"}],\"inLanguage\":\"es\"},{\"@type\":\"ImageObject\",\"@id\":\"https:\/\/gbgintegral.com.mx\/2022\/01\/17\/la-cofepris-autoriza-la-pildora-de-pfizer-contra-covid-19-para-su-uso-de-emergencia-en-mexico\/#primaryimage\",\"inLanguage\":\"es\",\"url\":\"https:\/\/moodle.radius.com.mx\/global\/wp-content\/uploads\/2022\/01\/pfizer_pildora_contra_covid-19.jpg_1165350203.webp\",\"contentUrl\":\"https:\/\/moodle.radius.com.mx\/global\/wp-content\/uploads\/2022\/01\/pfizer_pildora_contra_covid-19.jpg_1165350203.webp\",\"width\":1120,\"height\":749},{\"@type\":\"WebPage\",\"@id\":\"https:\/\/gbgintegral.com.mx\/2022\/01\/17\/la-cofepris-autoriza-la-pildora-de-pfizer-contra-covid-19-para-su-uso-de-emergencia-en-mexico\/#webpage\",\"url\":\"https:\/\/gbgintegral.com.mx\/2022\/01\/17\/la-cofepris-autoriza-la-pildora-de-pfizer-contra-covid-19-para-su-uso-de-emergencia-en-mexico\/\",\"name\":\"La Cofepris autoriza la p\u00edldora de Pfizer contra Covid-19 para su uso de emergencia en M\u00e9xico - Global Business Group\",\"isPartOf\":{\"@id\":\"https:\/\/moodle.radius.com.mx\/global\/#website\"},\"primaryImageOfPage\":{\"@id\":\"https:\/\/gbgintegral.com.mx\/2022\/01\/17\/la-cofepris-autoriza-la-pildora-de-pfizer-contra-covid-19-para-su-uso-de-emergencia-en-mexico\/#primaryimage\"},\"datePublished\":\"2022-01-17T22:16:18+00:00\",\"dateModified\":\"2022-01-17T22:30:40+00:00\",\"author\":{\"@id\":\"https:\/\/moodle.radius.com.mx\/global\/#\/schema\/person\/579b0e6bbef96b02f4e97dbb98c912a2\"},\"breadcrumb\":{\"@id\":\"https:\/\/gbgintegral.com.mx\/2022\/01\/17\/la-cofepris-autoriza-la-pildora-de-pfizer-contra-covid-19-para-su-uso-de-emergencia-en-mexico\/#breadcrumb\"},\"inLanguage\":\"es\",\"potentialAction\":[{\"@type\":\"ReadAction\",\"target\":[\"https:\/\/gbgintegral.com.mx\/2022\/01\/17\/la-cofepris-autoriza-la-pildora-de-pfizer-contra-covid-19-para-su-uso-de-emergencia-en-mexico\/\"]}]},{\"@type\":\"BreadcrumbList\",\"@id\":\"https:\/\/gbgintegral.com.mx\/2022\/01\/17\/la-cofepris-autoriza-la-pildora-de-pfizer-contra-covid-19-para-su-uso-de-emergencia-en-mexico\/#breadcrumb\",\"itemListElement\":[{\"@type\":\"ListItem\",\"position\":1,\"name\":\"La Cofepris autoriza la p\u00edldora de Pfizer contra Covid-19 para su uso de emergencia en M\u00e9xico\"}]},{\"@type\":\"Person\",\"@id\":\"https:\/\/moodle.radius.com.mx\/global\/#\/schema\/person\/579b0e6bbef96b02f4e97dbb98c912a2\",\"name\":\"admin\",\"sameAs\":[\"https:\/\/gbgintegral.com.mx\"],\"url\":\"https:\/\/moodle.radius.com.mx\/global\/author\/admin\/\"}]}<\/script>\n<!-- \/ Yoast SEO plugin. -->","yoast_head_json":{"title":"La Cofepris autoriza la p\u00edldora de Pfizer contra Covid-19 para su uso de emergencia en M\u00e9xico - Global Business Group","robots":{"index":"noindex","follow":"follow","max-snippet":"max-snippet:-1","max-image-preview":"max-image-preview:large","max-video-preview":"max-video-preview:-1"},"og_locale":"es_MX","og_type":"article","og_title":"La Cofepris autoriza la p\u00edldora de Pfizer contra Covid-19 para su uso de emergencia en M\u00e9xico - Global Business Group","og_description":"La Cofepris, autoriz\u00f3 este viernes el tratamiento paxlovid de la farmac\u00e9utica estadounidense Pfizer para su uso de emergencia en el pa\u00eds.","og_url":"https:\/\/gbgintegral.com.mx\/2022\/01\/17\/la-cofepris-autoriza-la-pildora-de-pfizer-contra-covid-19-para-su-uso-de-emergencia-en-mexico\/","og_site_name":"Global Business Group","article_published_time":"2022-01-17T22:16:18+00:00","article_modified_time":"2022-01-17T22:30:40+00:00","twitter_card":"summary_large_image","twitter_image":"https:\/\/moodle.radius.com.mx\/global\/wp-content\/uploads\/2022\/01\/pfizer_pildora_contra_covid-19.jpg_1165350203.webp","twitter_misc":{"Escrito por":"admin","Tiempo de lectura":"2 minutos"},"schema":{"@context":"https:\/\/schema.org","@graph":[{"@type":"WebSite","@id":"https:\/\/moodle.radius.com.mx\/global\/#website","url":"https:\/\/moodle.radius.com.mx\/global\/","name":"Global Business Group","description":"Empresa l\u00edder en la distribuci\u00f3n de medicamentos y material de curaci\u00f3n a nivel nacional.","potentialAction":[{"@type":"SearchAction","target":{"@type":"EntryPoint","urlTemplate":"https:\/\/moodle.radius.com.mx\/global\/?s={search_term_string}"},"query-input":"required name=search_term_string"}],"inLanguage":"es"},{"@type":"ImageObject","@id":"https:\/\/gbgintegral.com.mx\/2022\/01\/17\/la-cofepris-autoriza-la-pildora-de-pfizer-contra-covid-19-para-su-uso-de-emergencia-en-mexico\/#primaryimage","inLanguage":"es","url":"https:\/\/moodle.radius.com.mx\/global\/wp-content\/uploads\/2022\/01\/pfizer_pildora_contra_covid-19.jpg_1165350203.webp","contentUrl":"https:\/\/moodle.radius.com.mx\/global\/wp-content\/uploads\/2022\/01\/pfizer_pildora_contra_covid-19.jpg_1165350203.webp","width":1120,"height":749},{"@type":"WebPage","@id":"https:\/\/gbgintegral.com.mx\/2022\/01\/17\/la-cofepris-autoriza-la-pildora-de-pfizer-contra-covid-19-para-su-uso-de-emergencia-en-mexico\/#webpage","url":"https:\/\/gbgintegral.com.mx\/2022\/01\/17\/la-cofepris-autoriza-la-pildora-de-pfizer-contra-covid-19-para-su-uso-de-emergencia-en-mexico\/","name":"La Cofepris autoriza la p\u00edldora de Pfizer contra Covid-19 para su uso de emergencia en M\u00e9xico - Global Business Group","isPartOf":{"@id":"https:\/\/moodle.radius.com.mx\/global\/#website"},"primaryImageOfPage":{"@id":"https:\/\/gbgintegral.com.mx\/2022\/01\/17\/la-cofepris-autoriza-la-pildora-de-pfizer-contra-covid-19-para-su-uso-de-emergencia-en-mexico\/#primaryimage"},"datePublished":"2022-01-17T22:16:18+00:00","dateModified":"2022-01-17T22:30:40+00:00","author":{"@id":"https:\/\/moodle.radius.com.mx\/global\/#\/schema\/person\/579b0e6bbef96b02f4e97dbb98c912a2"},"breadcrumb":{"@id":"https:\/\/gbgintegral.com.mx\/2022\/01\/17\/la-cofepris-autoriza-la-pildora-de-pfizer-contra-covid-19-para-su-uso-de-emergencia-en-mexico\/#breadcrumb"},"inLanguage":"es","potentialAction":[{"@type":"ReadAction","target":["https:\/\/gbgintegral.com.mx\/2022\/01\/17\/la-cofepris-autoriza-la-pildora-de-pfizer-contra-covid-19-para-su-uso-de-emergencia-en-mexico\/"]}]},{"@type":"BreadcrumbList","@id":"https:\/\/gbgintegral.com.mx\/2022\/01\/17\/la-cofepris-autoriza-la-pildora-de-pfizer-contra-covid-19-para-su-uso-de-emergencia-en-mexico\/#breadcrumb","itemListElement":[{"@type":"ListItem","position":1,"name":"La Cofepris autoriza la p\u00edldora de Pfizer contra Covid-19 para su uso de emergencia en M\u00e9xico"}]},{"@type":"Person","@id":"https:\/\/moodle.radius.com.mx\/global\/#\/schema\/person\/579b0e6bbef96b02f4e97dbb98c912a2","name":"admin","sameAs":["https:\/\/gbgintegral.com.mx"],"url":"https:\/\/moodle.radius.com.mx\/global\/author\/admin\/"}]}},"_links":{"self":[{"href":"https:\/\/moodle.radius.com.mx\/global\/wp-json\/wp\/v2\/posts\/473","targetHints":{"allow":["GET"]}}],"collection":[{"href":"https:\/\/moodle.radius.com.mx\/global\/wp-json\/wp\/v2\/posts"}],"about":[{"href":"https:\/\/moodle.radius.com.mx\/global\/wp-json\/wp\/v2\/types\/post"}],"author":[{"embeddable":true,"href":"https:\/\/moodle.radius.com.mx\/global\/wp-json\/wp\/v2\/users\/1"}],"replies":[{"embeddable":true,"href":"https:\/\/moodle.radius.com.mx\/global\/wp-json\/wp\/v2\/comments?post=473"}],"version-history":[{"count":1,"href":"https:\/\/moodle.radius.com.mx\/global\/wp-json\/wp\/v2\/posts\/473\/revisions"}],"predecessor-version":[{"id":475,"href":"https:\/\/moodle.radius.com.mx\/global\/wp-json\/wp\/v2\/posts\/473\/revisions\/475"}],"wp:featuredmedia":[{"embeddable":true,"href":"https:\/\/moodle.radius.com.mx\/global\/wp-json\/wp\/v2\/media\/474"}],"wp:attachment":[{"href":"https:\/\/moodle.radius.com.mx\/global\/wp-json\/wp\/v2\/media?parent=473"}],"wp:term":[{"taxonomy":"category","embeddable":true,"href":"https:\/\/moodle.radius.com.mx\/global\/wp-json\/wp\/v2\/categories?post=473"},{"taxonomy":"post_tag","embeddable":true,"href":"https:\/\/moodle.radius.com.mx\/global\/wp-json\/wp\/v2\/tags?post=473"}],"curies":[{"name":"wp","href":"https:\/\/api.w.org\/{rel}","templated":true}]}}