{"id":462,"date":"2022-01-10T18:51:00","date_gmt":"2022-01-11T00:51:00","guid":{"rendered":"https:\/\/gbgintegral.com.mx\/?p=462"},"modified":"2022-01-13T19:05:30","modified_gmt":"2022-01-14T01:05:30","slug":"demanda-de-medicamentos-para-pacientes-covid-crecio-30-en-primeros-dias-de-enero","status":"publish","type":"post","link":"https:\/\/moodle.radius.com.mx\/global\/2022\/01\/10\/demanda-de-medicamentos-para-pacientes-covid-crecio-30-en-primeros-dias-de-enero\/","title":{"rendered":"Demanda de medicamentos para pacientes covid creci\u00f3 30% en primeros d\u00edas de enero"},"content":{"rendered":"\n<p>Durante la primera semana de 2022, la demanda de medicamentos e insumos para atender a pacientes con s\u00edntomas de covid-19 creci\u00f3 30 por ciento, inform\u00f3 el presidente de la Uni\u00f3n Nacional de Empresarios de Farmacias (Unefarm), Juvenal Becerra.<\/p>\n\n\n\n<p>El presidente de la Unefarm dijo que al comienzo de este a\u00f1o, en las farmacias se observ\u00f3 un comportamiento creciente en la solicitud de medicinas como Ceftriaxona, Dimegan D, Paracetamol, Celestamine y Azitromicina.<\/p>\n\n\n\n<p>Adem\u00e1s, en lo que va de este a\u00f1o se observa un incremento de hasta 50 por ciento respecto al cierre de 2021 en la solicitud de servicios m\u00e9dicos y de aplicaci\u00f3n de pruebas para detecci\u00f3n de covid-19 en establecimientos farmac\u00e9uticos que cuentan con el servicio.<\/p>\n\n\n\n<p>Juvenal Becerra se\u00f1al\u00f3 que el sector farmac\u00e9utico est\u00e1 a la disposici\u00f3n para coadyuvar en caso de que las autoridades de salud mexicanas implementen medidas adicionales para detener el ritmo de contagios de covid-19.<\/p>\n\n\n\n<p>Tambi\u00e9n, indic\u00f3 que la uni\u00f3n est\u00e1 al pendiente de las decisiones que se tomen respecto a los medicamentos de los laboratorios Merck y Pfizer, aunque por el momento se contempla que sean avaladas para el sector p\u00fablico.<\/p>\n\n\n\n<p>Dijo que es fundamental mantener las medidas sanitarias y evitar en lo posible el contacto con otras personas, por lo que exhort\u00f3 a continuar con las medidas de higiene y sanidad.<\/p>\n\n\n\n<p>&nbsp;&#8220;El llamado es a utilizar cubrebocas adquiridos en establecimientos autorizados, pues hay productos de dudosa procedencia en los cruceros y mercado informal\u201d.<\/p>\n\n\n\n<p>El l\u00edder de la Unefarm apunt\u00f3 que el sector farmac\u00e9utico est\u00e1 en coordinaci\u00f3n permanente con instancias como la C\u00e1mara Nacional de la Industria Farmac\u00e9utica (Canifarma), Funsalud, laboratorios y distribuidores con la finalidad de dar seguimiento a las necesidades de salud que tiene la poblaci\u00f3n en el entorno de pandemia.<\/p>\n","protected":false},"excerpt":{"rendered":"<p>Adem\u00e1s se observ\u00f3 un incremento de hasta 50% respecto al cierre de 2021 en la solicitud de servicios m\u00e9dicos y aplicaci\u00f3n de pruebas para detecci\u00f3n de covid-19. <\/p>\n","protected":false},"author":1,"featured_media":463,"comment_status":"closed","ping_status":"open","sticky":false,"template":"","format":"standard","meta":{"inline_featured_image":false,"footnotes":""},"categories":[15],"tags":[],"class_list":["post-462","post","type-post","status-publish","format-standard","has-post-thumbnail","hentry","category-empresas"],"yoast_head":"<!-- This site is optimized with the Yoast SEO plugin v18.6 - https:\/\/yoast.com\/wordpress\/plugins\/seo\/ -->\n<title>Demanda de medicamentos para pacientes covid creci\u00f3 30% en primeros d\u00edas de enero - Global Business Group<\/title>\n<meta name=\"robots\" content=\"noindex, follow, max-snippet:-1, max-image-preview:large, max-video-preview:-1\" \/>\n<meta property=\"og:locale\" content=\"es_MX\" \/>\n<meta property=\"og:type\" content=\"article\" \/>\n<meta property=\"og:title\" content=\"Demanda de medicamentos para pacientes covid creci\u00f3 30% en primeros d\u00edas de enero - Global Business Group\" \/>\n<meta property=\"og:description\" content=\"Adem\u00e1s se observ\u00f3 un incremento de hasta 50% respecto al cierre de 2021 en la solicitud de servicios m\u00e9dicos y aplicaci\u00f3n de pruebas para detecci\u00f3n de covid-19.\" \/>\n<meta property=\"og:url\" content=\"https:\/\/gbgintegral.com.mx\/2022\/01\/10\/demanda-de-medicamentos-para-pacientes-covid-crecio-30-en-primeros-dias-de-enero\/\" \/>\n<meta property=\"og:site_name\" content=\"Global Business Group\" \/>\n<meta property=\"article:published_time\" content=\"2022-01-11T00:51:00+00:00\" \/>\n<meta property=\"article:modified_time\" content=\"2022-01-14T01:05:30+00:00\" \/>\n<meta property=\"og:image\" content=\"https:\/\/gbgintegral.com.mx\/wp-content\/uploads\/2022\/01\/compra-de-medicamentos-especial.jpg\" \/>\n\t<meta property=\"og:image:width\" content=\"958\" \/>\n\t<meta property=\"og:image:height\" content=\"596\" \/>\n\t<meta property=\"og:image:type\" content=\"image\/jpeg\" \/>\n<meta name=\"twitter:card\" content=\"summary_large_image\" \/>\n<meta name=\"twitter:label1\" content=\"Escrito por\" \/>\n\t<meta name=\"twitter:data1\" content=\"admin\" \/>\n\t<meta name=\"twitter:label2\" content=\"Tiempo de lectura\" \/>\n\t<meta name=\"twitter:data2\" content=\"2 minutos\" \/>\n<script type=\"application\/ld+json\" class=\"yoast-schema-graph\">{\"@context\":\"https:\/\/schema.org\",\"@graph\":[{\"@type\":\"WebSite\",\"@id\":\"https:\/\/moodle.radius.com.mx\/global\/#website\",\"url\":\"https:\/\/moodle.radius.com.mx\/global\/\",\"name\":\"Global Business Group\",\"description\":\"Empresa l\u00edder en la distribuci\u00f3n de medicamentos y material de curaci\u00f3n a nivel nacional.\",\"potentialAction\":[{\"@type\":\"SearchAction\",\"target\":{\"@type\":\"EntryPoint\",\"urlTemplate\":\"https:\/\/moodle.radius.com.mx\/global\/?s={search_term_string}\"},\"query-input\":\"required name=search_term_string\"}],\"inLanguage\":\"es\"},{\"@type\":\"ImageObject\",\"@id\":\"https:\/\/gbgintegral.com.mx\/2022\/01\/10\/demanda-de-medicamentos-para-pacientes-covid-crecio-30-en-primeros-dias-de-enero\/#primaryimage\",\"inLanguage\":\"es\",\"url\":\"https:\/\/moodle.radius.com.mx\/global\/wp-content\/uploads\/2022\/01\/compra-de-medicamentos-especial.jpg\",\"contentUrl\":\"https:\/\/moodle.radius.com.mx\/global\/wp-content\/uploads\/2022\/01\/compra-de-medicamentos-especial.jpg\",\"width\":958,\"height\":596},{\"@type\":\"WebPage\",\"@id\":\"https:\/\/gbgintegral.com.mx\/2022\/01\/10\/demanda-de-medicamentos-para-pacientes-covid-crecio-30-en-primeros-dias-de-enero\/#webpage\",\"url\":\"https:\/\/gbgintegral.com.mx\/2022\/01\/10\/demanda-de-medicamentos-para-pacientes-covid-crecio-30-en-primeros-dias-de-enero\/\",\"name\":\"Demanda de medicamentos para pacientes covid creci\u00f3 30% en primeros d\u00edas de enero - Global Business Group\",\"isPartOf\":{\"@id\":\"https:\/\/moodle.radius.com.mx\/global\/#website\"},\"primaryImageOfPage\":{\"@id\":\"https:\/\/gbgintegral.com.mx\/2022\/01\/10\/demanda-de-medicamentos-para-pacientes-covid-crecio-30-en-primeros-dias-de-enero\/#primaryimage\"},\"datePublished\":\"2022-01-11T00:51:00+00:00\",\"dateModified\":\"2022-01-14T01:05:30+00:00\",\"author\":{\"@id\":\"https:\/\/moodle.radius.com.mx\/global\/#\/schema\/person\/579b0e6bbef96b02f4e97dbb98c912a2\"},\"breadcrumb\":{\"@id\":\"https:\/\/gbgintegral.com.mx\/2022\/01\/10\/demanda-de-medicamentos-para-pacientes-covid-crecio-30-en-primeros-dias-de-enero\/#breadcrumb\"},\"inLanguage\":\"es\",\"potentialAction\":[{\"@type\":\"ReadAction\",\"target\":[\"https:\/\/gbgintegral.com.mx\/2022\/01\/10\/demanda-de-medicamentos-para-pacientes-covid-crecio-30-en-primeros-dias-de-enero\/\"]}]},{\"@type\":\"BreadcrumbList\",\"@id\":\"https:\/\/gbgintegral.com.mx\/2022\/01\/10\/demanda-de-medicamentos-para-pacientes-covid-crecio-30-en-primeros-dias-de-enero\/#breadcrumb\",\"itemListElement\":[{\"@type\":\"ListItem\",\"position\":1,\"name\":\"Demanda de medicamentos para pacientes covid creci\u00f3 30% en primeros d\u00edas de enero\"}]},{\"@type\":\"Person\",\"@id\":\"https:\/\/moodle.radius.com.mx\/global\/#\/schema\/person\/579b0e6bbef96b02f4e97dbb98c912a2\",\"name\":\"admin\",\"sameAs\":[\"https:\/\/gbgintegral.com.mx\"],\"url\":\"https:\/\/moodle.radius.com.mx\/global\/author\/admin\/\"}]}<\/script>\n<!-- \/ Yoast SEO plugin. -->","yoast_head_json":{"title":"Demanda de medicamentos para pacientes covid creci\u00f3 30% en primeros d\u00edas de enero - Global Business Group","robots":{"index":"noindex","follow":"follow","max-snippet":"max-snippet:-1","max-image-preview":"max-image-preview:large","max-video-preview":"max-video-preview:-1"},"og_locale":"es_MX","og_type":"article","og_title":"Demanda de medicamentos para pacientes covid creci\u00f3 30% en primeros d\u00edas de enero - Global Business Group","og_description":"Adem\u00e1s se observ\u00f3 un incremento de hasta 50% respecto al cierre de 2021 en la solicitud de servicios m\u00e9dicos y aplicaci\u00f3n de pruebas para detecci\u00f3n de covid-19.","og_url":"https:\/\/gbgintegral.com.mx\/2022\/01\/10\/demanda-de-medicamentos-para-pacientes-covid-crecio-30-en-primeros-dias-de-enero\/","og_site_name":"Global Business Group","article_published_time":"2022-01-11T00:51:00+00:00","article_modified_time":"2022-01-14T01:05:30+00:00","og_image":[{"width":958,"height":596,"url":"https:\/\/gbgintegral.com.mx\/wp-content\/uploads\/2022\/01\/compra-de-medicamentos-especial.jpg","type":"image\/jpeg"}],"twitter_card":"summary_large_image","twitter_misc":{"Escrito por":"admin","Tiempo de lectura":"2 minutos"},"schema":{"@context":"https:\/\/schema.org","@graph":[{"@type":"WebSite","@id":"https:\/\/moodle.radius.com.mx\/global\/#website","url":"https:\/\/moodle.radius.com.mx\/global\/","name":"Global Business Group","description":"Empresa l\u00edder en la distribuci\u00f3n de medicamentos y material de curaci\u00f3n a nivel nacional.","potentialAction":[{"@type":"SearchAction","target":{"@type":"EntryPoint","urlTemplate":"https:\/\/moodle.radius.com.mx\/global\/?s={search_term_string}"},"query-input":"required name=search_term_string"}],"inLanguage":"es"},{"@type":"ImageObject","@id":"https:\/\/gbgintegral.com.mx\/2022\/01\/10\/demanda-de-medicamentos-para-pacientes-covid-crecio-30-en-primeros-dias-de-enero\/#primaryimage","inLanguage":"es","url":"https:\/\/moodle.radius.com.mx\/global\/wp-content\/uploads\/2022\/01\/compra-de-medicamentos-especial.jpg","contentUrl":"https:\/\/moodle.radius.com.mx\/global\/wp-content\/uploads\/2022\/01\/compra-de-medicamentos-especial.jpg","width":958,"height":596},{"@type":"WebPage","@id":"https:\/\/gbgintegral.com.mx\/2022\/01\/10\/demanda-de-medicamentos-para-pacientes-covid-crecio-30-en-primeros-dias-de-enero\/#webpage","url":"https:\/\/gbgintegral.com.mx\/2022\/01\/10\/demanda-de-medicamentos-para-pacientes-covid-crecio-30-en-primeros-dias-de-enero\/","name":"Demanda de medicamentos para pacientes covid creci\u00f3 30% en primeros d\u00edas de enero - Global Business Group","isPartOf":{"@id":"https:\/\/moodle.radius.com.mx\/global\/#website"},"primaryImageOfPage":{"@id":"https:\/\/gbgintegral.com.mx\/2022\/01\/10\/demanda-de-medicamentos-para-pacientes-covid-crecio-30-en-primeros-dias-de-enero\/#primaryimage"},"datePublished":"2022-01-11T00:51:00+00:00","dateModified":"2022-01-14T01:05:30+00:00","author":{"@id":"https:\/\/moodle.radius.com.mx\/global\/#\/schema\/person\/579b0e6bbef96b02f4e97dbb98c912a2"},"breadcrumb":{"@id":"https:\/\/gbgintegral.com.mx\/2022\/01\/10\/demanda-de-medicamentos-para-pacientes-covid-crecio-30-en-primeros-dias-de-enero\/#breadcrumb"},"inLanguage":"es","potentialAction":[{"@type":"ReadAction","target":["https:\/\/gbgintegral.com.mx\/2022\/01\/10\/demanda-de-medicamentos-para-pacientes-covid-crecio-30-en-primeros-dias-de-enero\/"]}]},{"@type":"BreadcrumbList","@id":"https:\/\/gbgintegral.com.mx\/2022\/01\/10\/demanda-de-medicamentos-para-pacientes-covid-crecio-30-en-primeros-dias-de-enero\/#breadcrumb","itemListElement":[{"@type":"ListItem","position":1,"name":"Demanda de medicamentos para pacientes covid creci\u00f3 30% en primeros d\u00edas de enero"}]},{"@type":"Person","@id":"https:\/\/moodle.radius.com.mx\/global\/#\/schema\/person\/579b0e6bbef96b02f4e97dbb98c912a2","name":"admin","sameAs":["https:\/\/gbgintegral.com.mx"],"url":"https:\/\/moodle.radius.com.mx\/global\/author\/admin\/"}]}},"_links":{"self":[{"href":"https:\/\/moodle.radius.com.mx\/global\/wp-json\/wp\/v2\/posts\/462","targetHints":{"allow":["GET"]}}],"collection":[{"href":"https:\/\/moodle.radius.com.mx\/global\/wp-json\/wp\/v2\/posts"}],"about":[{"href":"https:\/\/moodle.radius.com.mx\/global\/wp-json\/wp\/v2\/types\/post"}],"author":[{"embeddable":true,"href":"https:\/\/moodle.radius.com.mx\/global\/wp-json\/wp\/v2\/users\/1"}],"replies":[{"embeddable":true,"href":"https:\/\/moodle.radius.com.mx\/global\/wp-json\/wp\/v2\/comments?post=462"}],"version-history":[{"count":2,"href":"https:\/\/moodle.radius.com.mx\/global\/wp-json\/wp\/v2\/posts\/462\/revisions"}],"predecessor-version":[{"id":470,"href":"https:\/\/moodle.radius.com.mx\/global\/wp-json\/wp\/v2\/posts\/462\/revisions\/470"}],"wp:featuredmedia":[{"embeddable":true,"href":"https:\/\/moodle.radius.com.mx\/global\/wp-json\/wp\/v2\/media\/463"}],"wp:attachment":[{"href":"https:\/\/moodle.radius.com.mx\/global\/wp-json\/wp\/v2\/media?parent=462"}],"wp:term":[{"taxonomy":"category","embeddable":true,"href":"https:\/\/moodle.radius.com.mx\/global\/wp-json\/wp\/v2\/categories?post=462"},{"taxonomy":"post_tag","embeddable":true,"href":"https:\/\/moodle.radius.com.mx\/global\/wp-json\/wp\/v2\/tags?post=462"}],"curies":[{"name":"wp","href":"https:\/\/api.w.org\/{rel}","templated":true}]}}