{"id":455,"date":"2022-01-10T11:28:00","date_gmt":"2022-01-10T17:28:00","guid":{"rendered":"https:\/\/gbgintegral.com.mx\/?p=455"},"modified":"2022-01-13T18:46:04","modified_gmt":"2022-01-14T00:46:04","slug":"seis-farmacos-estan-agotados","status":"publish","type":"post","link":"https:\/\/moodle.radius.com.mx\/global\/2022\/01\/10\/seis-farmacos-estan-agotados\/","title":{"rendered":"Laboratorios reportan desabasto de antigripales y vitacilina en M\u00e9xico"},"content":{"rendered":"\n<p>Los laboratorios PiSA, Sanofi, Bayer, Chinoin y GlaxoSmithKline advirtieron que hay desabasto de seis productos de su portafolio: Agrifen, Antifludes, Vitacilina, Aderogyl, Afrin y Contac, sin que a la fecha tengan claro cu\u00e1ndo podr\u00edan restablecer su venta a las farmacias en M\u00e9xico.<\/p>\n\n\n\n<p>\u201cHay ya una carta formal de los fabricantes y laboratorios que nos est\u00e1n haciendo saber a toda la cadena de distribuci\u00f3n y farmacias de productos que se encuentran sin existencia y sin posibilidad de poderlos surtir, ni una fecha probable de fabricaci\u00f3n\u201d, declar\u00f3 Marcos Pascual, director comercial de Asociaci\u00f3n Nacional de Farmacias de M\u00e9xico (Anafarmex).<\/p>\n\n\n\n<p>Los productos afectados son: Agrifen de PiSA; Antifludes de Chinoin; Vitacilina 16 gramos de Compa\u00f1\u00eda internacional de comercio; Aderogyl ampolleta de Sanofi; Afrin adulto en spray de Bayer, y Contac ultra de GlaxoSmithKline.<\/p>\n\n\n\n<p><br>\u201cEstaremos viendo con mayor se\u00f1alamiento de los pacientes en las pr\u00f3ximas semanas que estos medicamentos no est\u00e1n, est\u00e1n agotados\u201d, indic\u00f3 Pascual.<\/p>\n\n\n\n<p>Apunt\u00f3 que, a pesar del desabasto de los productos de marca, hay opciones gen\u00e9ricas en el mercado a las que se puede recurrir.<\/p>\n\n\n\n<p>Agreg\u00f3 que el repunte de contagios de COVID-19 por la variante \u00f3micron ha significado para las farmacias un repunte en la demanda de pruebas de detecci\u00f3n, con las marcas Roche y Abbott a la cabeza.<\/p>\n\n\n\n<p>\u201cLas pruebas l\u00edderes en este momento son las r\u00e1pidas de Roche y Abbott, que se est\u00e1n comercializando y aplicando en los cerca de 18 mil consultorios anexos de un universo de 43 mil farmacias.<\/p>\n\n\n\n<p>Agreg\u00f3 que actualmente solo dos de cada 10 pacientes resultan positivos al coronavirus, pero dijo que este porcentaje podr\u00eda incrementarse 40 por ciento en las siguientes semanas.<\/p>\n\n\n\n<p><br>La Uni\u00f3n Nacional de Empresarios de Farmacias (Unefarm) inform\u00f3 que en los primeros d\u00edas de este a\u00f1o se increment\u00f3 en 30 por ciento la demanda de medicamentos e insumos para atender a pacientes con s\u00edntomas de COVID.<\/p>\n\n\n\n<p>\u201cSe observa un comportamiento creciente en la solicitud de medicinas como Ceftriaxona, Dimegan D, Paracetamol, Celestamine y Azitromicina\u201d, se indic\u00f3 en el comunicado.<\/p>\n","protected":false},"excerpt":{"rendered":"<p>La Asociaci\u00f3n de Farmacias espera que aumenten las quejas por desabasto por parte de la ciudadan\u00eda en los pr\u00f3ximos d\u00edas.<\/p>\n","protected":false},"author":1,"featured_media":458,"comment_status":"closed","ping_status":"open","sticky":false,"template":"","format":"standard","meta":{"inline_featured_image":false,"footnotes":""},"categories":[15],"tags":[],"class_list":["post-455","post","type-post","status-publish","format-standard","has-post-thumbnail","hentry","category-empresas"],"yoast_head":"<!-- This site is optimized with the Yoast SEO plugin v18.6 - https:\/\/yoast.com\/wordpress\/plugins\/seo\/ -->\n<title>Laboratorios reportan desabasto de antigripales y vitacilina en M\u00e9xico - Global Business Group<\/title>\n<meta name=\"robots\" content=\"noindex, follow, max-snippet:-1, max-image-preview:large, max-video-preview:-1\" \/>\n<meta property=\"og:locale\" content=\"es_MX\" \/>\n<meta property=\"og:type\" content=\"article\" \/>\n<meta property=\"og:title\" content=\"Laboratorios reportan desabasto de antigripales y vitacilina en M\u00e9xico - Global Business Group\" \/>\n<meta property=\"og:description\" content=\"La Asociaci\u00f3n de Farmacias espera que aumenten las quejas por desabasto por parte de la ciudadan\u00eda en los pr\u00f3ximos d\u00edas.\" \/>\n<meta property=\"og:url\" content=\"https:\/\/gbgintegral.com.mx\/2022\/01\/10\/seis-farmacos-estan-agotados\/\" \/>\n<meta property=\"og:site_name\" content=\"Global Business Group\" \/>\n<meta property=\"article:published_time\" content=\"2022-01-10T17:28:00+00:00\" \/>\n<meta property=\"article:modified_time\" content=\"2022-01-14T00:46:04+00:00\" \/>\n<meta property=\"og:image\" content=\"https:\/\/gbgintegral.com.mx\/wp-content\/uploads\/2022\/01\/RB6CR5DSKBALHJS3MFPQCZMVVA.jpeg\" \/>\n\t<meta property=\"og:image:width\" content=\"800\" \/>\n\t<meta property=\"og:image:height\" content=\"600\" \/>\n\t<meta property=\"og:image:type\" content=\"image\/jpeg\" \/>\n<meta name=\"twitter:card\" content=\"summary_large_image\" \/>\n<meta name=\"twitter:label1\" content=\"Escrito por\" \/>\n\t<meta name=\"twitter:data1\" content=\"admin\" \/>\n\t<meta name=\"twitter:label2\" content=\"Tiempo de lectura\" \/>\n\t<meta name=\"twitter:data2\" content=\"2 minutos\" \/>\n<script type=\"application\/ld+json\" class=\"yoast-schema-graph\">{\"@context\":\"https:\/\/schema.org\",\"@graph\":[{\"@type\":\"WebSite\",\"@id\":\"https:\/\/moodle.radius.com.mx\/global\/#website\",\"url\":\"https:\/\/moodle.radius.com.mx\/global\/\",\"name\":\"Global Business Group\",\"description\":\"Empresa l\u00edder en la distribuci\u00f3n de medicamentos y material de curaci\u00f3n a nivel nacional.\",\"potentialAction\":[{\"@type\":\"SearchAction\",\"target\":{\"@type\":\"EntryPoint\",\"urlTemplate\":\"https:\/\/moodle.radius.com.mx\/global\/?s={search_term_string}\"},\"query-input\":\"required name=search_term_string\"}],\"inLanguage\":\"es\"},{\"@type\":\"ImageObject\",\"@id\":\"https:\/\/gbgintegral.com.mx\/2022\/01\/10\/seis-farmacos-estan-agotados\/#primaryimage\",\"inLanguage\":\"es\",\"url\":\"https:\/\/moodle.radius.com.mx\/global\/wp-content\/uploads\/2022\/01\/RB6CR5DSKBALHJS3MFPQCZMVVA.jpeg\",\"contentUrl\":\"https:\/\/moodle.radius.com.mx\/global\/wp-content\/uploads\/2022\/01\/RB6CR5DSKBALHJS3MFPQCZMVVA.jpeg\",\"width\":800,\"height\":600},{\"@type\":\"WebPage\",\"@id\":\"https:\/\/gbgintegral.com.mx\/2022\/01\/10\/seis-farmacos-estan-agotados\/#webpage\",\"url\":\"https:\/\/gbgintegral.com.mx\/2022\/01\/10\/seis-farmacos-estan-agotados\/\",\"name\":\"Laboratorios reportan desabasto de antigripales y vitacilina en M\u00e9xico - Global Business Group\",\"isPartOf\":{\"@id\":\"https:\/\/moodle.radius.com.mx\/global\/#website\"},\"primaryImageOfPage\":{\"@id\":\"https:\/\/gbgintegral.com.mx\/2022\/01\/10\/seis-farmacos-estan-agotados\/#primaryimage\"},\"datePublished\":\"2022-01-10T17:28:00+00:00\",\"dateModified\":\"2022-01-14T00:46:04+00:00\",\"author\":{\"@id\":\"https:\/\/moodle.radius.com.mx\/global\/#\/schema\/person\/579b0e6bbef96b02f4e97dbb98c912a2\"},\"breadcrumb\":{\"@id\":\"https:\/\/gbgintegral.com.mx\/2022\/01\/10\/seis-farmacos-estan-agotados\/#breadcrumb\"},\"inLanguage\":\"es\",\"potentialAction\":[{\"@type\":\"ReadAction\",\"target\":[\"https:\/\/gbgintegral.com.mx\/2022\/01\/10\/seis-farmacos-estan-agotados\/\"]}]},{\"@type\":\"BreadcrumbList\",\"@id\":\"https:\/\/gbgintegral.com.mx\/2022\/01\/10\/seis-farmacos-estan-agotados\/#breadcrumb\",\"itemListElement\":[{\"@type\":\"ListItem\",\"position\":1,\"name\":\"Laboratorios reportan desabasto de antigripales y vitacilina en M\u00e9xico\"}]},{\"@type\":\"Person\",\"@id\":\"https:\/\/moodle.radius.com.mx\/global\/#\/schema\/person\/579b0e6bbef96b02f4e97dbb98c912a2\",\"name\":\"admin\",\"sameAs\":[\"https:\/\/gbgintegral.com.mx\"],\"url\":\"https:\/\/moodle.radius.com.mx\/global\/author\/admin\/\"}]}<\/script>\n<!-- \/ Yoast SEO plugin. -->","yoast_head_json":{"title":"Laboratorios reportan desabasto de antigripales y vitacilina en M\u00e9xico - Global Business Group","robots":{"index":"noindex","follow":"follow","max-snippet":"max-snippet:-1","max-image-preview":"max-image-preview:large","max-video-preview":"max-video-preview:-1"},"og_locale":"es_MX","og_type":"article","og_title":"Laboratorios reportan desabasto de antigripales y vitacilina en M\u00e9xico - Global Business Group","og_description":"La Asociaci\u00f3n de Farmacias espera que aumenten las quejas por desabasto por parte de la ciudadan\u00eda en los pr\u00f3ximos d\u00edas.","og_url":"https:\/\/gbgintegral.com.mx\/2022\/01\/10\/seis-farmacos-estan-agotados\/","og_site_name":"Global Business Group","article_published_time":"2022-01-10T17:28:00+00:00","article_modified_time":"2022-01-14T00:46:04+00:00","og_image":[{"width":800,"height":600,"url":"https:\/\/gbgintegral.com.mx\/wp-content\/uploads\/2022\/01\/RB6CR5DSKBALHJS3MFPQCZMVVA.jpeg","type":"image\/jpeg"}],"twitter_card":"summary_large_image","twitter_misc":{"Escrito por":"admin","Tiempo de lectura":"2 minutos"},"schema":{"@context":"https:\/\/schema.org","@graph":[{"@type":"WebSite","@id":"https:\/\/moodle.radius.com.mx\/global\/#website","url":"https:\/\/moodle.radius.com.mx\/global\/","name":"Global Business Group","description":"Empresa l\u00edder en la distribuci\u00f3n de medicamentos y material de curaci\u00f3n a nivel nacional.","potentialAction":[{"@type":"SearchAction","target":{"@type":"EntryPoint","urlTemplate":"https:\/\/moodle.radius.com.mx\/global\/?s={search_term_string}"},"query-input":"required name=search_term_string"}],"inLanguage":"es"},{"@type":"ImageObject","@id":"https:\/\/gbgintegral.com.mx\/2022\/01\/10\/seis-farmacos-estan-agotados\/#primaryimage","inLanguage":"es","url":"https:\/\/moodle.radius.com.mx\/global\/wp-content\/uploads\/2022\/01\/RB6CR5DSKBALHJS3MFPQCZMVVA.jpeg","contentUrl":"https:\/\/moodle.radius.com.mx\/global\/wp-content\/uploads\/2022\/01\/RB6CR5DSKBALHJS3MFPQCZMVVA.jpeg","width":800,"height":600},{"@type":"WebPage","@id":"https:\/\/gbgintegral.com.mx\/2022\/01\/10\/seis-farmacos-estan-agotados\/#webpage","url":"https:\/\/gbgintegral.com.mx\/2022\/01\/10\/seis-farmacos-estan-agotados\/","name":"Laboratorios reportan desabasto de antigripales y vitacilina en M\u00e9xico - Global Business Group","isPartOf":{"@id":"https:\/\/moodle.radius.com.mx\/global\/#website"},"primaryImageOfPage":{"@id":"https:\/\/gbgintegral.com.mx\/2022\/01\/10\/seis-farmacos-estan-agotados\/#primaryimage"},"datePublished":"2022-01-10T17:28:00+00:00","dateModified":"2022-01-14T00:46:04+00:00","author":{"@id":"https:\/\/moodle.radius.com.mx\/global\/#\/schema\/person\/579b0e6bbef96b02f4e97dbb98c912a2"},"breadcrumb":{"@id":"https:\/\/gbgintegral.com.mx\/2022\/01\/10\/seis-farmacos-estan-agotados\/#breadcrumb"},"inLanguage":"es","potentialAction":[{"@type":"ReadAction","target":["https:\/\/gbgintegral.com.mx\/2022\/01\/10\/seis-farmacos-estan-agotados\/"]}]},{"@type":"BreadcrumbList","@id":"https:\/\/gbgintegral.com.mx\/2022\/01\/10\/seis-farmacos-estan-agotados\/#breadcrumb","itemListElement":[{"@type":"ListItem","position":1,"name":"Laboratorios reportan desabasto de antigripales y vitacilina en M\u00e9xico"}]},{"@type":"Person","@id":"https:\/\/moodle.radius.com.mx\/global\/#\/schema\/person\/579b0e6bbef96b02f4e97dbb98c912a2","name":"admin","sameAs":["https:\/\/gbgintegral.com.mx"],"url":"https:\/\/moodle.radius.com.mx\/global\/author\/admin\/"}]}},"_links":{"self":[{"href":"https:\/\/moodle.radius.com.mx\/global\/wp-json\/wp\/v2\/posts\/455","targetHints":{"allow":["GET"]}}],"collection":[{"href":"https:\/\/moodle.radius.com.mx\/global\/wp-json\/wp\/v2\/posts"}],"about":[{"href":"https:\/\/moodle.radius.com.mx\/global\/wp-json\/wp\/v2\/types\/post"}],"author":[{"embeddable":true,"href":"https:\/\/moodle.radius.com.mx\/global\/wp-json\/wp\/v2\/users\/1"}],"replies":[{"embeddable":true,"href":"https:\/\/moodle.radius.com.mx\/global\/wp-json\/wp\/v2\/comments?post=455"}],"version-history":[{"count":3,"href":"https:\/\/moodle.radius.com.mx\/global\/wp-json\/wp\/v2\/posts\/455\/revisions"}],"predecessor-version":[{"id":460,"href":"https:\/\/moodle.radius.com.mx\/global\/wp-json\/wp\/v2\/posts\/455\/revisions\/460"}],"wp:featuredmedia":[{"embeddable":true,"href":"https:\/\/moodle.radius.com.mx\/global\/wp-json\/wp\/v2\/media\/458"}],"wp:attachment":[{"href":"https:\/\/moodle.radius.com.mx\/global\/wp-json\/wp\/v2\/media?parent=455"}],"wp:term":[{"taxonomy":"category","embeddable":true,"href":"https:\/\/moodle.radius.com.mx\/global\/wp-json\/wp\/v2\/categories?post=455"},{"taxonomy":"post_tag","embeddable":true,"href":"https:\/\/moodle.radius.com.mx\/global\/wp-json\/wp\/v2\/tags?post=455"}],"curies":[{"name":"wp","href":"https:\/\/api.w.org\/{rel}","templated":true}]}}